{"item":{"id":529,"titulo":"Altera\u00e7\u00e3o do art. 269 do C\u00f2digo Tribut\u00e1rio - Lei Comp. 05","numero":"5","categoria_id":1,"aprovada":"2004-03-02 00:00:00","slug":"altera-o-do-art-269-do-c-digo-tribut-rio-lei-comp-05","descricao":"\u003CP align=center\u003E\u003CSTRONG\u003ELEI COMPLEMENTAR N.\u00ba 05\u003CBR\u003EDe 02 de mar\u00e7o de 2004.\u003C\/STRONG\u003E\u003C\/P\u003E\r\n\u003CP\u003EAltera o art. 269 do C\u00f3digo Tribut\u00e1rio do Munic\u00edpio de Itabaiana que fixa como prazo de utiliza\u00e7\u00e3o das notas fiscais o per\u00edodo de 24 (vinte quatro) meses e d\u00e1 outras provid\u00eancias.\u003C\/P\u003E\r\n\u003CP\u003EO PRESIDENTE DA C\u00c2MARA MUNICIPAL DE ITABAIANA \u2013 SERGIPE.\u003C\/P\u003E\r\n\u003CP\u003EFa\u00e7o saber que a C\u00e2mara Municipal aprovou e o Sr. Prefeito sancionar\u00e1 a seguinte Lei: \u003C\/P\u003E\r\n\u003CP\u003EArt. 1\u00ba -\u0026nbsp; Fica modificada a reda\u00e7\u00e3o do artigo 269 da Lei Complementar n\u00ba 01, C\u00f3digo Tribut\u00e1rio do Munic\u00edpio de Itabaiana, resultando no seguinte:\u003CBR\u003E\u0026nbsp;\u201cArt. 1\u00ba - ...\u003CBR\u003E.....\u003C\/P\u003E\r\n\u003CP\u003EArt. 269 - O prazo para utiliza\u00e7\u00e3o da Nota Fiscal fica fixado em 24 (vinte quatro) meses contados da data de expedi\u00e7\u00e3o da autoriza\u00e7\u00e3o para impress\u00e3o de Nota Fiscal, sendo que o estabelecimento gr\u00e1fico far\u00e1 imprimir no cabe\u00e7alho, em destaque, logo ap\u00f3s a denomina\u00e7\u00e3o da NTF \u2013 Nota Fiscal e, tamb\u00e9m o n\u00famero e a data da autoriza\u00e7\u00e3o para impress\u00e3o da Nota Fiscal constantes de forma impressa, a data limite para seu uso, com inser\u00e7\u00e3o da seguinte express\u00e3o \u201cv\u00e1lida para uso at\u00e9 ___\/___\/___ (vinte quatro) meses ap\u00f3s a data da autoriza\u00e7\u00e3o para impress\u00e3o de Nota Fiscal).\u003CBR\u003E...\u003CBR\u003EArt. 497 - ...\u201d\u003C\/P\u003E\r\n\u003CP\u003EArt.\u0026nbsp; 2\u00ba - Esta Lei entrar\u00e1 em vigor na data de sua publica\u00e7\u00e3o, gerando efeitos retroativos a 02 de janeiro de 2003.\u003C\/P\u003E\r\n\u003CP\u003EArt. 3\u00ba - Revogam-se as disposi\u00e7\u00f5es em contr\u00e1rio.\u003C\/P\u003E\r\n\u003CP\u003EGabinete\u0026nbsp;do Prefeito\u0026nbsp;Municipal de Itabaiana, em 02 de mar\u00e7o de 2004.\u003C\/P\u003E","criado":"2004-03-02 00:00:00","alterado":"2004-03-02 00:00:00"},"outros":[{"id":4165,"titulo":"Resolu\u00e7\u00e3o N\u00ba 02\/2026. Disp\u00f5e sobre a aplica\u00e7\u00e3o da Lei Federal n\u00b0 14.129, de 29 de mar\u00e7o de 2021 (Lei do Governo Digital), no \u00e2mbito da C\u00e2mara Municipal de ltabaiana\/SE.","numero":"02\/2026","categoria_id":5,"slug":"resolucao-no-02-2026-dispoe-sobre-a-aplicacao-da-lei-federal-n0-14-129-de-29-de-marco-de-2021-lei-do-governo-digital-no-ambito-da-camara-municipal-de-ltabaiana-se","descricao":"\u003Cp\u003EDisp\u0026otilde;e sobre a aplica\u0026ccedil;\u0026atilde;o da Lei Federal n\u0026deg; 14.129, de 29 de mar\u0026ccedil;o de 2021 (Lei do Governo Digital), no \u0026acirc;mbito da C\u0026acirc;mara Municipal de ltabaiana\/SE.\u003C\/p\u003E","tags":"governo,digital,itabaiana","criado":"2026-04-23 12:34:51","alterado":"2026-04-23 12:44:11"},{"id":4164,"titulo":"Portarias - Ano 2023","numero":"2023","categoria_id":10,"slug":"portarias-ano-2023","descricao":"\u003Cp\u003EPortarias - Ano 2023\u003C\/p\u003E","criado":"2026-04-23 12:30:17","alterado":"2026-04-23 12:47:38"},{"id":4163,"titulo":"Resolu\u00e7\u00e3o N\u00ba 01\/2026. Disp\u00f5e sobre a aprova\u00e7\u00e3o do Plano lnstitucional Estrat\u00e9gico da C\u00e2mara Municipal de ltabaiana\/SE e d\u00e1 outras provid\u00eancias.","numero":"01\/2026","categoria_id":5,"slug":"resolucao-no-01-2026-dispoe-sobre-a-aprovacao-do-plano-lnstitucional-estrategico-da-camara-municipal-de-ltabaiana-se-e-da-outras-providencias","descricao":"\u003Cp\u003EDisp\u0026otilde;e sobre a aprova\u0026ccedil;\u0026atilde;o do Plano lnstitucional Estrat\u0026eacute;gico da C\u0026acirc;mara Municipal de ltabaiana\/SE e d\u0026aacute; outras provid\u0026ecirc;ncias.\u003C\/p\u003E","tags":"plano,institucional,camara,municipal","criado":"2026-04-23 12:26:41","alterado":"2026-04-23 12:43:46"}],"arquivos":[]}