{"item":{"id":473,"titulo":"Lei de Modifica\u00e7\u00e3o de nome de escolas","numero":"1033","categoria_id":1,"aprovada":"2003-03-20 00:00:00","slug":"lei-de-modifica-o-de-nome-de-escolas","descricao":"\u003CP align=center\u003E\u003CSTRONG\u003E\u0026nbsp;LEI N.\u00ba 1033\u003CBR\u003EDe 20 de mar\u00e7o de 2003.\u003C\/STRONG\u003E\u003C\/P\u003E\r\n\u003CP align=center\u003E\u0026nbsp;\u003C\/P\u003E\r\n\u003CP align=right\u003EDisp\u00f5e sobre modifica\u00e7\u00e3o de nome\u003CBR\u003E\u0026nbsp;de Escolas do nosso munic\u00edpio\u003CBR\u003E\u0026nbsp;e d\u00e1 outras provid\u00eancias.\u003C\/P\u003E\r\n\u003CP align=center\u003E\u0026nbsp;\u003C\/P\u003E\r\n\u003CP align=left\u003E\u0026nbsp;\u0026nbsp;O PRESIDENTE DA C\u00c2MARA MUNICIPAL DE ITABAIANA \u2013 SERGIPE.\u003C\/P\u003E\r\n\u003CP align=left\u003E\u0026nbsp;\u0026nbsp;Fa\u00e7o saber que a C\u00e2mara Municipal aprovou e o Sr. Prefeito sancionar\u00e1 a seguinte LEI:\u003C\/P\u003E\r\n\u003CP align=left\u003E\u0026nbsp;\u0026nbsp;Art. 1\u00ba -\u0026nbsp; Modifica os nomes das Escolas Municipais conforme o anexo I. \u003C\/P\u003E\r\n\u003CP align=left\u003E\u0026nbsp;\u0026nbsp;Art. 2\u00ba - Esta Lei entrar\u00e1 em vigor na data de sua publica\u00e7\u00e3o.\u003C\/P\u003E\r\n\u003CP align=left\u003E\u0026nbsp;\u0026nbsp;Art. 3\u00ba - Ficam revogadas as disposi\u00e7\u00f5es em contr\u00e1rio.\u003C\/P\u003E\r\n\u003CP align=left\u003E\u0026nbsp;\u0026nbsp;Gabinete\u0026nbsp;do Prefeito\u0026nbsp;Municipal de Itabaiana, em 20 de mar\u00e7o de 2003.\u003C\/P\u003E\r\n\u003CP align=center\u003E\u003CBR\u003E\u003CSTRONG\u003EANEXO\u0026nbsp; I\u003C\/STRONG\u003E\u003C\/P\u003E\r\n\u003CP align=center\u003E\u003CBR\u003EProcesso de adequa\u00e7\u00e3o da terminologia quanto ao grau de ensino.\u003C\/P\u003E\r\n\u003CP align=left\u003EEscola de 1\u00ba Grau Prof\u00aa. Nivalda Lima Figueiredo \u0026lt;-\u0026gt; Escola Municipal Prof\u00aa. Nivalda Lima Figueiredo\u003CBR\u003EEscola de 1\u00ba Grau Prof\u00aa. Izabel Esteves de Freitas \u0026lt;-\u0026gt; Escola Municipal Prof\u00aa.\u0026nbsp; Izabel Esteves de Freitas\u003CBR\u003EEscola de 1\u00ba grau Neilde Pimentel Santos \u0026lt;-\u0026gt; Escola Municipal Neilde Pimentel Santos\u003CBR\u003EEscola de 1\u00ba grau Elizeu de Oliveira \u0026lt;-\u0026gt; Escola Municipal Elizeu de Oliveira\u003CBR\u003EEscola de 1\u00ba grau Prof.a. Maria Vieira de Mendon\u00e7a \u0026lt;-\u0026gt; Escola Municipal Prof.a. Maria Vieira de Mendon\u00e7a\u003CBR\u003EEscola Epiph\u00e2nia S\u00e9rgia da Silva \u0026lt;-\u0026gt; Escola Municipal Epiph\u00e2nia S\u00e9rgia \u003CBR\u003EEscola Jo\u00e3o Tavares da Mota \u0026lt;-\u0026gt; Escola Municipal Jo\u00e3o Tavares da Mota\u003CBR\u003EEscola Agostinho Jos\u00e9 Caetano \u0026lt;-\u0026gt; Escola Municipal Agostinho Jos\u00e9 Caetano\u003CBR\u003EEscola Rural Anita Carvalho \u0026lt;-\u0026gt; Escola Municipal Anita Carvalho\u003CBR\u003EEscola Rural Tobias Barreto \u0026lt;-\u0026gt; Escola Municipal Tobias Barreto\u003CBR\u003EEscola Rural Etelvina Am\u00e1lia de Siqueira \u0026lt;-\u0026gt; Escola Municipal Etelvina Am\u00e1lia de Siqueira\u003CBR\u003EEscola Rural Carolina J\u00falia de Vasconcelos \u0026lt;-\u0026gt; Escola Municipal Carolina J\u00falia de Vasconcelos\u003CBR\u003EEscola Rural Dr. Augusto C\u00e9sar Leite \u0026lt;-\u0026gt; Escola Municipal Dr. Augusto C\u00e9sar Leite\u003CBR\u003EEscola Rural Dr. Florival de Oliveira \u0026lt;-\u0026gt; Escola Municipal Dr. Florival de Oliveira\u003CBR\u003EEscola Rural Jos\u00e9 Filadelfo Ara\u00fajo \u0026lt;-\u0026gt; Escola Municipal Jos\u00e9 Filadelfo Ara\u00fajo\u003CBR\u003EEscola Rural Sebr\u00e3o Sobrinho \u0026lt;-\u0026gt; Escola Municipal Sebr\u00e3o Sobrinho\u003CBR\u003EEscola Rural Artur Barbosa de G\u00f3is \u0026lt;-\u0026gt; Escola Municipal Artur Barbosa de G\u00f3is\u003CBR\u003EEscola Rural F\u00e9lix Diniz Barreto \u0026lt;-\u0026gt; Escola Municipal F\u00e9lix Diniz Barreto\u003CBR\u003EEscola Rural Dom Jos\u00e9 Tomaz \u0026lt;-\u0026gt; Escola Municipal Dom Jos\u00e9 Tomaz\u003CBR\u003EEscola Rural Artur Fortes \u0026lt;-\u0026gt; Escola Municipal Arthur Fortes\u003CBR\u003EEscola Rural Auta Almeida Melo \u0026lt;-\u0026gt; Escola Municipal Auta Almeida Melo\u003CBR\u003EEscola Rural Professor Lima J\u00fanior \u0026lt;-\u0026gt; Escola Municipal Professor Lima J\u00fanior\u003CBR\u003EEscola Rural Pedro Alves de Menezes \u0026lt;-\u0026gt; Escola Municipal Pedro Alves de Menezes\u003C\/P\u003E\r\n\u003CP align=left\u003E\u0026nbsp;\u003C\/P\u003E","criado":"2003-03-20 00:00:00","alterado":"2003-03-20 00:00:00"},"outros":[{"id":4165,"titulo":"Resolu\u00e7\u00e3o N\u00ba 02\/2026. Disp\u00f5e sobre a aplica\u00e7\u00e3o da Lei Federal n\u00b0 14.129, de 29 de mar\u00e7o de 2021 (Lei do Governo Digital), no \u00e2mbito da C\u00e2mara Municipal de ltabaiana\/SE.","numero":"02\/2026","categoria_id":5,"slug":"resolucao-no-02-2026-dispoe-sobre-a-aplicacao-da-lei-federal-n0-14-129-de-29-de-marco-de-2021-lei-do-governo-digital-no-ambito-da-camara-municipal-de-ltabaiana-se","descricao":"\u003Cp\u003EDisp\u0026otilde;e sobre a aplica\u0026ccedil;\u0026atilde;o da Lei Federal n\u0026deg; 14.129, de 29 de mar\u0026ccedil;o de 2021 (Lei do Governo Digital), no \u0026acirc;mbito da C\u0026acirc;mara Municipal de ltabaiana\/SE.\u003C\/p\u003E","tags":"governo,digital,itabaiana","criado":"2026-04-23 12:34:51","alterado":"2026-04-23 12:44:11"},{"id":4164,"titulo":"Portarias - Ano 2023","numero":"2023","categoria_id":10,"slug":"portarias-ano-2023","descricao":"\u003Cp\u003EPortarias - Ano 2023\u003C\/p\u003E","criado":"2026-04-23 12:30:17","alterado":"2026-04-23 12:47:38"},{"id":4163,"titulo":"Resolu\u00e7\u00e3o N\u00ba 01\/2026. Disp\u00f5e sobre a aprova\u00e7\u00e3o do Plano lnstitucional Estrat\u00e9gico da C\u00e2mara Municipal de ltabaiana\/SE e d\u00e1 outras provid\u00eancias.","numero":"01\/2026","categoria_id":5,"slug":"resolucao-no-01-2026-dispoe-sobre-a-aprovacao-do-plano-lnstitucional-estrategico-da-camara-municipal-de-ltabaiana-se-e-da-outras-providencias","descricao":"\u003Cp\u003EDisp\u0026otilde;e sobre a aprova\u0026ccedil;\u0026atilde;o do Plano lnstitucional Estrat\u0026eacute;gico da C\u0026acirc;mara Municipal de ltabaiana\/SE e d\u0026aacute; outras provid\u0026ecirc;ncias.\u003C\/p\u003E","tags":"plano,institucional,camara,municipal","criado":"2026-04-23 12:26:41","alterado":"2026-04-23 12:43:46"}],"arquivos":[]}