{"item":{"id":2074,"autor_id":"9","autor":{"id":9,"nome":"Hebert","email":"hebert1201@gmail.com"},"titulo":"C\u00e2mara de Itabaiana aprova subven\u00e7\u00f5es para entidades sociais, culturais e esportivas","slug":"camara-de-itabaiana-aprova-subvencoes-para-entidades-sociais-culturais-e-esportivas","subtitulo":"Projetos destinam recursos para institui\u00e7\u00f5es que desenvolvem a\u00e7\u00f5es sociais, educacionais, culturais e esportivas no munic\u00edpio","imagem":"\/img\/imagem\/materia_bf50324dcb1704f447aaccd0e.jpg,\/img\/imagem\/media_materia_bf50324dcb1704f447aaccd0e.jpg,\/img\/imagem\/thumb_materia_bf50324dcb1704f447aaccd0e.jpg,\/img\/imagem\/thumb_fix_materia_bf50324dcb1704f447aaccd0e.jpg","texto":"\u003Cp\u003E\u003Cimg style=\u0022display: block; margin-left: auto; margin-right: auto;\u0022 src=\u0022https:\/\/cmitabaiana.se.gov.br\/img\/imagem\/media_f4049647-779b-43c2-9eaa-cfc8f34dc46b_c0cbfb0c8fe14d5425641de082681.jpeg\u0022 alt=\u0022f4049647-779b-43c2-9eaa-cfc8f34dc46b_c0cbfb0c8fe14d5425641de082681.jpeg\u0022 width=\u0022600\u0022 height=\u0022338\u0022 \/\u003E\u003C\/p\u003E\r\n\u003Cp\u003EA C\u0026acirc;mara Municipal de Itabaiana aprovou, durante a sess\u0026atilde;o ordin\u0026aacute;ria realizada nesta ter\u0026ccedil;a-feira, 10 de mar\u0026ccedil;o, uma s\u0026eacute;rie de projetos de lei que concedem subven\u0026ccedil;\u0026otilde;es sociais a entidades que desenvolvem importantes atividades no munic\u0026iacute;pio. As mat\u0026eacute;rias, de autoria do Poder Executivo, foram apreciadas e aprovadas pelos vereadores em tr\u0026ecirc;s vota\u0026ccedil;\u0026otilde;es, incluindo sess\u0026otilde;es extraordin\u0026aacute;rias realizadas logo ap\u0026oacute;s a sess\u0026atilde;o ordin\u0026aacute;ria.\u003C\/p\u003E\r\n\u003Cp\u003EAo todo, foram aprovados os Projetos de Lei n\u0026ordm; 37, 38, 39, 40, 41, 42, 43, 44, 45, 46, 47, 48 e 49\/2026, que destinam recursos para institui\u0026ccedil;\u0026otilde;es que atuam nas \u0026aacute;reas social, educacional, cultural, esportiva e religiosa, contribuindo diretamente para o atendimento de centenas de pessoas em Itabaiana.\u003C\/p\u003E\r\n\u003Cp\u003EEntre as entidades beneficiadas est\u0026atilde;o a Sociedade Filarm\u0026ocirc;nica 28 de Agosto, o Orat\u0026oacute;rio Beneficente Santa Dulce dos Pobres, o Instituto de Desenvolvimento Socioecon\u0026ocirc;mico, Cient\u0026iacute;fico, Ambiental e Tecnol\u0026oacute;gico \u0026ndash; Parque dos Falc\u0026otilde;es, a Associa\u0026ccedil;\u0026atilde;o Itabaianense dos Universit\u0026aacute;rios (AIU), a Comunidade Cat\u0026oacute;lica Ascender, o Instituto Religioso dos Filhos e Filhas do Amor e da Miseric\u0026oacute;rdia Eucar\u0026iacute;stica, a Associa\u0026ccedil;\u0026atilde;o Amigos Contra a Fome (ACF), a Sociedade Filarm\u0026ocirc;nica Nossa Senhora da Concei\u0026ccedil;\u0026atilde;o, a APAE de Itabaiana, a Escolinha do Coritiba Futebol Club, o Instituto Fabinho do Abrigo (IFA), a Associa\u0026ccedil;\u0026atilde;o Treinando e Formando Cidad\u0026atilde;os (TFC) e a Associa\u0026ccedil;\u0026atilde;o Casa Santa Dulce dos Pobres.\u003C\/p\u003E\r\n\u003Cp\u003EOs recursos aprovados ser\u0026atilde;o utilizados para manuten\u0026ccedil;\u0026atilde;o das atividades, execu\u0026ccedil;\u0026atilde;o de projetos sociais, apoio a a\u0026ccedil;\u0026otilde;es culturais e incentivo ao esporte, fortalecendo o trabalho desenvolvido por essas institui\u0026ccedil;\u0026otilde;es junto \u0026agrave; popula\u0026ccedil;\u0026atilde;o.\u003C\/p\u003E\r\n\u003Cp\u003EO presidente da C\u0026acirc;mara Municipal, Breno G\u0026oacute;is de Rezende, destacou a import\u0026acirc;ncia das subven\u0026ccedil;\u0026otilde;es para o fortalecimento das entidades que prestam servi\u0026ccedil;os relevantes \u0026agrave; comunidade. \u0026ldquo;Essas institui\u0026ccedil;\u0026otilde;es realizam um trabalho fundamental em nosso munic\u0026iacute;pio, atuando diretamente nas \u0026aacute;reas social, educacional, cultural e esportiva. A aprova\u0026ccedil;\u0026atilde;o dessas subven\u0026ccedil;\u0026otilde;es representa o reconhecimento do poder p\u0026uacute;blico ao esfor\u0026ccedil;o dessas entidades e garante que elas possam continuar desenvolvendo suas a\u0026ccedil;\u0026otilde;es em benef\u0026iacute;cio da popula\u0026ccedil;\u0026atilde;o de Itabaiana\u0026rdquo;, afirmou.\u003C\/p\u003E\r\n\u003Cp\u003EAl\u0026eacute;m das subven\u0026ccedil;\u0026otilde;es, os vereadores tamb\u0026eacute;m aprovaram o Projeto de Lei n\u0026ordm; 28\/2026, que atualiza o valor das premia\u0026ccedil;\u0026otilde;es em campeonatos esportivos no munic\u0026iacute;pio para at\u0026eacute; R$ 60 mil, com o objetivo de incentivar e valorizar a pr\u0026aacute;tica esportiva na cidade.\u003C\/p\u003E\r\n\u003Cp\u003EA aprova\u0026ccedil;\u0026atilde;o das mat\u0026eacute;rias refor\u0026ccedil;a o compromisso do Poder Legislativo municipal com o fortalecimento das entidades que desempenham um papel fundamental no desenvolvimento social e comunit\u0026aacute;rio de Itabaiana.\u003C\/p\u003E","publicacao":"2026-03-11 09:04:00","criado":"2026-03-11 09:04:50","alterado":"2026-03-11 09:20:55"},"outros":[{"id":2103,"autor_id":"9","autor":{"id":9,"nome":"Hebert","email":"hebert1201@gmail.com"},"titulo":"Pauta da Sess\u00e3o \u2013 28 de abril de 2026","slug":"pauta-da-sessao-28-de-abril-de-2026","subtitulo":"Confira as mat\u00e9rias que ser\u00e3o apreciadas pelo Plen\u00e1rio","imagem":"\/img\/imagem\/site_edc07cf79e0959be2cac01d.jpg,\/img\/imagem\/media_site_edc07cf79e0959be2cac01d.jpg,\/img\/imagem\/thumb_site_edc07cf79e0959be2cac01d.jpg,\/img\/imagem\/thumb_fix_site_edc07cf79e0959be2cac01d.jpg","texto":"\u003Cp\u003E\u003Cimg style=\u0022display: block; margin-left: auto; margin-right: auto;\u0022 src=\u0022https:\/\/cmitabaiana.se.gov.br\/img\/imagem\/media_site_edc07cf79e0959be2cac01d.jpg\u0022 alt=\u0022site_edc07cf79e0959be2cac01d.jpg\u0022 width=\u0022600\u0022 height=\u0022400\u0022 \/\u003E\u003C\/p\u003E\r\n\u003Cp\u003EA C\u0026acirc;mara Municipal de Itabaiana disponibiliza, para consulta p\u0026uacute;blica, a pauta da sess\u0026atilde;o ordin\u0026aacute;ria desta ter\u0026ccedil;a-feira, 28 de abril. O documento re\u0026uacute;ne todas as mat\u0026eacute;rias que ser\u0026atilde;o apreciadas em plen\u0026aacute;rio, incluindo proposi\u0026ccedil;\u0026otilde;es apresentadas, temas do grande expediente, ordem do dia e respectivas vota\u0026ccedil;\u0026otilde;es.\u003C\/p\u003E\r\n\u003Cp\u003EA pauta completa pode ser acessada e baixada por meio do link dispon\u0026iacute;vel, \u003Ca href=\u0022https:\/\/cmitabaiana.se.gov.br\/download\/pauta-do-dia-28-de-abril-de-2026_a8e89be82aa5454ca6ae93.pdf\u0022 target=\u0022_blank\u0022 rel=\u0022noopener\u0022\u003Eclicando aqui.\u003C\/a\u003E\u003C\/p\u003E\r\n\u003Cp\u003EA iniciativa refor\u0026ccedil;a o compromisso do Poder Legislativo com a transpar\u0026ecirc;ncia, a publicidade dos atos institucionais e o acesso \u0026agrave; informa\u0026ccedil;\u0026atilde;o. Em caso de d\u0026uacute;vidas ou sugest\u0026otilde;es, a C\u0026acirc;mara permanece \u0026agrave; disposi\u0026ccedil;\u0026atilde;o da popula\u0026ccedil;\u0026atilde;o.\u003C\/p\u003E","publicacao":"2026-04-28 07:15:46","criado":"2026-04-28 07:15:46","alterado":"2026-04-28 07:15:46"},{"id":2100,"autor_id":"9","autor":{"id":9,"nome":"Hebert","email":"hebert1201@gmail.com"},"titulo":"Pauta da Sess\u00e3o \u2013 23 de abril de 2026","slug":"pauta-da-sessao-23-de-abril-de-2026","subtitulo":"Confira as mat\u00e9rias que ser\u00e3o apreciadas pelo Plen\u00e1rio","imagem":"\/img\/imagem\/site_edc07cf79e0959be2cac01d.jpg,\/img\/imagem\/media_site_edc07cf79e0959be2cac01d.jpg,\/img\/imagem\/thumb_site_edc07cf79e0959be2cac01d.jpg,\/img\/imagem\/thumb_fix_site_edc07cf79e0959be2cac01d.jpg","texto":"\u003Cp\u003E\u003Cimg style=\u0022display: block; margin-left: auto; margin-right: auto;\u0022 src=\u0022https:\/\/cmitabaiana.se.gov.br\/img\/imagem\/media_site_edc07cf79e0959be2cac01d.jpg\u0022 alt=\u0022site_edc07cf79e0959be2cac01d.jpg\u0022 width=\u0022600\u0022 height=\u0022400\u0022 \/\u003E\u003C\/p\u003E\r\n\u003Cp\u003EA C\u0026acirc;mara Municipal de Itabaiana disponibiliza, para consulta p\u0026uacute;blica, a pauta da sess\u0026atilde;o ordin\u0026aacute;ria desta quinta-feira, 23 de abril. O documento re\u0026uacute;ne todas as mat\u0026eacute;rias que ser\u0026atilde;o apreciadas em plen\u0026aacute;rio, incluindo proposi\u0026ccedil;\u0026otilde;es apresentadas, temas do grande expediente, ordem do dia e respectivas vota\u0026ccedil;\u0026otilde;es.\u003C\/p\u003E\r\n\u003Cp\u003EA pauta completa pode ser acessada e baixada por meio do link dispon\u0026iacute;vel, \u003Ca href=\u0022https:\/\/cmitabaiana.se.gov.br\/download\/pauta-do-dia-22-de-abril-de-2026_f06276ed1546c914f7602b1df4daed.pdf\u0022 target=\u0022_blank\u0022 rel=\u0022noopener\u0022\u003Eclicando aqui.\u003C\/a\u003E\u003C\/p\u003E\r\n\u003Cp\u003EA iniciativa refor\u0026ccedil;a o compromisso do Poder Legislativo com a transpar\u0026ecirc;ncia, a publicidade dos atos institucionais e o acesso \u0026agrave; informa\u0026ccedil;\u0026atilde;o. Em caso de d\u0026uacute;vidas ou sugest\u0026otilde;es, a C\u0026acirc;mara permanece \u0026agrave; disposi\u0026ccedil;\u0026atilde;o da popula\u0026ccedil;\u0026atilde;o.\u003C\/p\u003E","publicacao":"2026-04-23 07:49:42","criado":"2026-04-23 07:49:42","alterado":"2026-04-23 07:49:42"},{"id":2097,"autor_id":"9","autor":{"id":9,"nome":"Hebert","email":"hebert1201@gmail.com"},"titulo":"Pauta da Sess\u00e3o \u2013 9 de abril de 2026","slug":"pauta-da-sessao-9-de-abril-de-2026","subtitulo":"Confira as mat\u00e9rias que ser\u00e3o apreciadas pelo Plen\u00e1rio","imagem":"\/img\/imagem\/site_84a8233b45f317e2e9dd8697.png,\/img\/imagem\/media_site_84a8233b45f317e2e9dd8697.png,\/img\/imagem\/thumb_site_84a8233b45f317e2e9dd8697.png,\/img\/imagem\/thumb_fix_site_84a8233b45f317e2e9dd8697.png","texto":"\u003Cp\u003E\u003Cimg style=\u0022display: block; margin-left: auto; margin-right: auto;\u0022 src=\u0022https:\/\/cmitabaiana.se.gov.br\/img\/imagem\/media_site_84a8233b45f317e2e9dd8697.png\u0022 alt=\u0022site_84a8233b45f317e2e9dd8697.png\u0022 width=\u0022600\u0022 height=\u0022400\u0022 \/\u003E\u003C\/p\u003E\r\n\u003Cp\u003EA C\u0026acirc;mara Municipal de Itabaiana disponibiliza, para consulta p\u0026uacute;blica, a pauta da sess\u0026atilde;o ordin\u0026aacute;ria desta quinta-feira, 9 de abril. O documento re\u0026uacute;ne todas as mat\u0026eacute;rias que ser\u0026atilde;o apreciadas em plen\u0026aacute;rio, incluindo proposi\u0026ccedil;\u0026otilde;es apresentadas, temas do grande expediente, ordem do dia e respectivas vota\u0026ccedil;\u0026otilde;es.\u003C\/p\u003E\r\n\u003Cp\u003EA pauta completa pode ser acessada e baixada por meio do link dispon\u0026iacute;vel, \u003Ca href=\u0022https:\/\/cmitabaiana.se.gov.br\/download\/pauta-do-dia-09-de-abril-de-2026_a68f8bb2d1b3d96d88e85b46321f.pdf\u0022 target=\u0022_blank\u0022 rel=\u0022noopener\u0022\u003Eclicando aqui.\u003C\/a\u003E\u003C\/p\u003E\r\n\u003Cp\u003EA iniciativa refor\u0026ccedil;a o compromisso do Poder Legislativo com a transpar\u0026ecirc;ncia, a publicidade dos atos institucionais e o acesso \u0026agrave; informa\u0026ccedil;\u0026atilde;o. Em caso de d\u0026uacute;vidas ou sugest\u0026otilde;es, a C\u0026acirc;mara permanece \u0026agrave; disposi\u0026ccedil;\u0026atilde;o da popula\u0026ccedil;\u0026atilde;o.\u003C\/p\u003E","publicacao":"2026-04-09 06:51:36","criado":"2026-04-09 06:51:36","alterado":"2026-04-09 06:51:36"}]}