{"item":{"id":2078,"autor_id":"9","autor":{"id":9,"nome":"Hebert","email":"hebert1201@gmail.com"},"titulo":"C\u00e2mara de Itabaiana realizar\u00e1 solenidade de entrega da Comenda Sebr\u00e3o Sobrinho no dia 20 de mar\u00e7o","slug":"camara-de-itabaiana-realizara-solenidade-de-entrega-da-comenda-sebrao-sobrinho-no-dia-20-de-marco","subtitulo":"Evento homenagear\u00e1, In Memoriam, Francisco Teles de Mendon\u00e7a e ser\u00e1 aberto ao p\u00fablico no plen\u00e1rio do Legislativo municipal","imagem":"\/img\/imagem\/site_e503f671ec079e87f3b745ffe7e.jpg,\/img\/imagem\/media_site_e503f671ec079e87f3b745ffe7e.jpg,\/img\/imagem\/thumb_site_e503f671ec079e87f3b745ffe7e.jpg,\/img\/imagem\/thumb_fix_site_e503f671ec079e87f3b745ffe7e.jpg","texto":"\u003Cp\u003EA C\u0026acirc;mara Municipal de Itabaiana realizar\u0026aacute;, no pr\u0026oacute;ximo dia 20 de mar\u0026ccedil;o, \u0026agrave;s 19h, no Plen\u0026aacute;rio da C\u0026acirc;mara de Vereadores, a solenidade de entrega da Comenda Sebr\u0026atilde;o Sobrinho, considerada a mais honrosa ins\u0026iacute;gnia concedida pelos Poderes Legislativo e Executivo do munic\u0026iacute;pio. A cerim\u0026ocirc;nia ser\u0026aacute; aberta \u0026agrave; participa\u0026ccedil;\u0026atilde;o da popula\u0026ccedil;\u0026atilde;o.\u003C\/p\u003E\r\n\u003Cp\u003ECriada em 25 de abril de 1989, por meio de projeto apresentado pelo ent\u0026atilde;o vereador Raulino Galr\u0026atilde;o Lima, a comenda tem como objetivo reconhecer personalidades que contribu\u0026iacute;ram de forma significativa para o desenvolvimento e para a hist\u0026oacute;ria de Itabaiana.\u003C\/p\u003E\r\n\u003Cp\u003ENesta edi\u0026ccedil;\u0026atilde;o da solenidade, por indica\u0026ccedil;\u0026atilde;o do vereador Michael Douglas Cunha da Mota, ser\u0026aacute; homenageado Francisco Teles de Mendon\u0026ccedil;a (In Memoriam), em reconhecimento aos relevantes servi\u0026ccedil;os prestados ao munic\u0026iacute;pio e ao legado deixado \u0026agrave; comunidade itabaianense.\u003C\/p\u003E\r\n\u003Cp\u003ESegundo o vereador Michael Douglas, a homenagem representa um gesto de reconhecimento a uma trajet\u0026oacute;ria marcada pelo compromisso com a cidade. \u0026ldquo;Francisco Teles de Mendon\u0026ccedil;a deixou uma hist\u0026oacute;ria de trabalho, dedica\u0026ccedil;\u0026atilde;o e contribui\u0026ccedil;\u0026atilde;o para Itabaiana. Esta comenda \u0026eacute; uma forma de eternizar sua mem\u0026oacute;ria e reconhecer o legado que ele deixou para nossa comunidade\u0026rdquo;, destacou.\u003C\/p\u003E\r\n\u003Cp\u003EPara o presidente da C\u0026acirc;mara Municipal, Breno G\u0026oacute;is de Rezende, a solenidade refor\u0026ccedil;a o papel do Poder Legislativo em valorizar aqueles que contribu\u0026iacute;ram para o desenvolvimento do munic\u0026iacute;pio. \u0026ldquo;A Comenda Sebr\u0026atilde;o Sobrinho simboliza o reconhecimento oficial de Itabaiana \u0026agrave;queles que marcaram nossa hist\u0026oacute;ria com trabalho e compromisso com o bem coletivo. Homenagear Francisco Teles de Mendon\u0026ccedil;a \u0026eacute; tamb\u0026eacute;m preservar a mem\u0026oacute;ria de quem ajudou a construir nossa cidade\u0026rdquo;, afirmou.\u003C\/p\u003E\r\n\u003Cp\u003EA C\u0026acirc;mara Municipal convida toda a popula\u0026ccedil;\u0026atilde;o, familiares, amigos e autoridades para prestigiar este momento de reconhecimento e valoriza\u0026ccedil;\u0026atilde;o de uma trajet\u0026oacute;ria que contribuiu para o crescimento de Itabaiana. A solenidade ser\u0026aacute; realizada no dia 20 de mar\u0026ccedil;o, \u0026agrave;s 19h, no Plen\u0026aacute;rio da C\u0026acirc;mara de Vereadores de Itabaiana.\u003C\/p\u003E","publicacao":"2026-03-13 10:18:00","criado":"2026-03-13 10:18:39","alterado":"2026-03-13 10:21:25"},"outros":[{"id":2103,"autor_id":"9","autor":{"id":9,"nome":"Hebert","email":"hebert1201@gmail.com"},"titulo":"Pauta da Sess\u00e3o \u2013 28 de abril de 2026","slug":"pauta-da-sessao-28-de-abril-de-2026","subtitulo":"Confira as mat\u00e9rias que ser\u00e3o apreciadas pelo Plen\u00e1rio","imagem":"\/img\/imagem\/site_edc07cf79e0959be2cac01d.jpg,\/img\/imagem\/media_site_edc07cf79e0959be2cac01d.jpg,\/img\/imagem\/thumb_site_edc07cf79e0959be2cac01d.jpg,\/img\/imagem\/thumb_fix_site_edc07cf79e0959be2cac01d.jpg","texto":"\u003Cp\u003E\u003Cimg style=\u0022display: block; margin-left: auto; margin-right: auto;\u0022 src=\u0022https:\/\/cmitabaiana.se.gov.br\/img\/imagem\/media_site_edc07cf79e0959be2cac01d.jpg\u0022 alt=\u0022site_edc07cf79e0959be2cac01d.jpg\u0022 width=\u0022600\u0022 height=\u0022400\u0022 \/\u003E\u003C\/p\u003E\r\n\u003Cp\u003EA C\u0026acirc;mara Municipal de Itabaiana disponibiliza, para consulta p\u0026uacute;blica, a pauta da sess\u0026atilde;o ordin\u0026aacute;ria desta ter\u0026ccedil;a-feira, 28 de abril. O documento re\u0026uacute;ne todas as mat\u0026eacute;rias que ser\u0026atilde;o apreciadas em plen\u0026aacute;rio, incluindo proposi\u0026ccedil;\u0026otilde;es apresentadas, temas do grande expediente, ordem do dia e respectivas vota\u0026ccedil;\u0026otilde;es.\u003C\/p\u003E\r\n\u003Cp\u003EA pauta completa pode ser acessada e baixada por meio do link dispon\u0026iacute;vel, \u003Ca href=\u0022https:\/\/cmitabaiana.se.gov.br\/download\/pauta-do-dia-28-de-abril-de-2026_a8e89be82aa5454ca6ae93.pdf\u0022 target=\u0022_blank\u0022 rel=\u0022noopener\u0022\u003Eclicando aqui.\u003C\/a\u003E\u003C\/p\u003E\r\n\u003Cp\u003EA iniciativa refor\u0026ccedil;a o compromisso do Poder Legislativo com a transpar\u0026ecirc;ncia, a publicidade dos atos institucionais e o acesso \u0026agrave; informa\u0026ccedil;\u0026atilde;o. Em caso de d\u0026uacute;vidas ou sugest\u0026otilde;es, a C\u0026acirc;mara permanece \u0026agrave; disposi\u0026ccedil;\u0026atilde;o da popula\u0026ccedil;\u0026atilde;o.\u003C\/p\u003E","publicacao":"2026-04-28 07:15:46","criado":"2026-04-28 07:15:46","alterado":"2026-04-28 07:15:46"},{"id":2100,"autor_id":"9","autor":{"id":9,"nome":"Hebert","email":"hebert1201@gmail.com"},"titulo":"Pauta da Sess\u00e3o \u2013 23 de abril de 2026","slug":"pauta-da-sessao-23-de-abril-de-2026","subtitulo":"Confira as mat\u00e9rias que ser\u00e3o apreciadas pelo Plen\u00e1rio","imagem":"\/img\/imagem\/site_edc07cf79e0959be2cac01d.jpg,\/img\/imagem\/media_site_edc07cf79e0959be2cac01d.jpg,\/img\/imagem\/thumb_site_edc07cf79e0959be2cac01d.jpg,\/img\/imagem\/thumb_fix_site_edc07cf79e0959be2cac01d.jpg","texto":"\u003Cp\u003E\u003Cimg style=\u0022display: block; margin-left: auto; margin-right: auto;\u0022 src=\u0022https:\/\/cmitabaiana.se.gov.br\/img\/imagem\/media_site_edc07cf79e0959be2cac01d.jpg\u0022 alt=\u0022site_edc07cf79e0959be2cac01d.jpg\u0022 width=\u0022600\u0022 height=\u0022400\u0022 \/\u003E\u003C\/p\u003E\r\n\u003Cp\u003EA C\u0026acirc;mara Municipal de Itabaiana disponibiliza, para consulta p\u0026uacute;blica, a pauta da sess\u0026atilde;o ordin\u0026aacute;ria desta quinta-feira, 23 de abril. O documento re\u0026uacute;ne todas as mat\u0026eacute;rias que ser\u0026atilde;o apreciadas em plen\u0026aacute;rio, incluindo proposi\u0026ccedil;\u0026otilde;es apresentadas, temas do grande expediente, ordem do dia e respectivas vota\u0026ccedil;\u0026otilde;es.\u003C\/p\u003E\r\n\u003Cp\u003EA pauta completa pode ser acessada e baixada por meio do link dispon\u0026iacute;vel, \u003Ca href=\u0022https:\/\/cmitabaiana.se.gov.br\/download\/pauta-do-dia-22-de-abril-de-2026_f06276ed1546c914f7602b1df4daed.pdf\u0022 target=\u0022_blank\u0022 rel=\u0022noopener\u0022\u003Eclicando aqui.\u003C\/a\u003E\u003C\/p\u003E\r\n\u003Cp\u003EA iniciativa refor\u0026ccedil;a o compromisso do Poder Legislativo com a transpar\u0026ecirc;ncia, a publicidade dos atos institucionais e o acesso \u0026agrave; informa\u0026ccedil;\u0026atilde;o. Em caso de d\u0026uacute;vidas ou sugest\u0026otilde;es, a C\u0026acirc;mara permanece \u0026agrave; disposi\u0026ccedil;\u0026atilde;o da popula\u0026ccedil;\u0026atilde;o.\u003C\/p\u003E","publicacao":"2026-04-23 07:49:42","criado":"2026-04-23 07:49:42","alterado":"2026-04-23 07:49:42"},{"id":2097,"autor_id":"9","autor":{"id":9,"nome":"Hebert","email":"hebert1201@gmail.com"},"titulo":"Pauta da Sess\u00e3o \u2013 9 de abril de 2026","slug":"pauta-da-sessao-9-de-abril-de-2026","subtitulo":"Confira as mat\u00e9rias que ser\u00e3o apreciadas pelo Plen\u00e1rio","imagem":"\/img\/imagem\/site_84a8233b45f317e2e9dd8697.png,\/img\/imagem\/media_site_84a8233b45f317e2e9dd8697.png,\/img\/imagem\/thumb_site_84a8233b45f317e2e9dd8697.png,\/img\/imagem\/thumb_fix_site_84a8233b45f317e2e9dd8697.png","texto":"\u003Cp\u003E\u003Cimg style=\u0022display: block; margin-left: auto; margin-right: auto;\u0022 src=\u0022https:\/\/cmitabaiana.se.gov.br\/img\/imagem\/media_site_84a8233b45f317e2e9dd8697.png\u0022 alt=\u0022site_84a8233b45f317e2e9dd8697.png\u0022 width=\u0022600\u0022 height=\u0022400\u0022 \/\u003E\u003C\/p\u003E\r\n\u003Cp\u003EA C\u0026acirc;mara Municipal de Itabaiana disponibiliza, para consulta p\u0026uacute;blica, a pauta da sess\u0026atilde;o ordin\u0026aacute;ria desta quinta-feira, 9 de abril. O documento re\u0026uacute;ne todas as mat\u0026eacute;rias que ser\u0026atilde;o apreciadas em plen\u0026aacute;rio, incluindo proposi\u0026ccedil;\u0026otilde;es apresentadas, temas do grande expediente, ordem do dia e respectivas vota\u0026ccedil;\u0026otilde;es.\u003C\/p\u003E\r\n\u003Cp\u003EA pauta completa pode ser acessada e baixada por meio do link dispon\u0026iacute;vel, \u003Ca href=\u0022https:\/\/cmitabaiana.se.gov.br\/download\/pauta-do-dia-09-de-abril-de-2026_a68f8bb2d1b3d96d88e85b46321f.pdf\u0022 target=\u0022_blank\u0022 rel=\u0022noopener\u0022\u003Eclicando aqui.\u003C\/a\u003E\u003C\/p\u003E\r\n\u003Cp\u003EA iniciativa refor\u0026ccedil;a o compromisso do Poder Legislativo com a transpar\u0026ecirc;ncia, a publicidade dos atos institucionais e o acesso \u0026agrave; informa\u0026ccedil;\u0026atilde;o. Em caso de d\u0026uacute;vidas ou sugest\u0026otilde;es, a C\u0026acirc;mara permanece \u0026agrave; disposi\u0026ccedil;\u0026atilde;o da popula\u0026ccedil;\u0026atilde;o.\u003C\/p\u003E","publicacao":"2026-04-09 06:51:36","criado":"2026-04-09 06:51:36","alterado":"2026-04-09 06:51:36"}]}